{"id":238,"date":"2017-12-05T16:00:52","date_gmt":"2017-12-05T15:00:52","guid":{"rendered":"http:\/\/www.kaminski.org.pl\/kaminski2017\/przemysl\/?p=238"},"modified":"2018-02-13T14:28:27","modified_gmt":"2018-02-13T13:28:27","slug":"doradca-techniczno-handlowy","status":"publish","type":"post","link":"https:\/\/www.kaminski.org.pl\/przemysl\/doradca-techniczno-handlowy\/","title":{"rendered":"DORADCA TECHNICZNO &#8211; HANDLOWY"},"content":{"rendered":"<style>\nimg.center {\ndisplay: none;\n}\n<\/style>\n<p>W zwi\u0105zku z dynamicznym rozwojem sieci sprzeda\u017cy, poszukujemy kandydata na stanowisko:<\/p>\n<p><strong>DORADCA TECHNICZNO &#8211; HANDLOWY<\/strong><\/p>\n<p>Osoba zatrudniona na tym stanowisku, b\u0119dzie odpowiedzialna za pozyskiwanie klient\u00f3w w obszarze profesjonalnych narz\u0119dzi i chemii technicznej.<\/p>\n<p><strong>ZAKRES OBOWI\u0104ZK\u00d3W:<\/strong><\/p>\n<ul>\n<li>Aktywne pozyskiwanie klient\u00f3w i budowanie z nimi d\u0142ugofalowych relacji,<\/li>\n<li>Przygotowywanie ofert i prezentacji handlowych,<\/li>\n<li>Prowadzenie negocjacji cenowych,<\/li>\n<li>Koordynacja procesu realizacji zam\u00f3wienia,<\/li>\n<li>Serwis i doradztwo dla pozyskanych klient\u00f3w,<\/li>\n<li>Przygotowywanie oraz udzia\u0142 w targach bran\u017cowych<\/li>\n<li>Przygotowywanie raport\u00f3w oraz zestawie\u0144 z realizowanych dzia\u0142a\u0144.<\/li>\n<\/ul>\n<p><strong>WYMAGAMY:<\/strong><\/p>\n<ul>\n<li>Do\u015bwiadczenia w aktywnym pozyskiwaniu klienta,<\/li>\n<li>Umiej\u0119tno\u015bci budowania i podtrzymywania d\u0142ugofalowych relacji z klientami,<\/li>\n<li>Silnej orientacji na cel,<\/li>\n<li>Rozwini\u0119tych umiej\u0119tno\u015bci interpersonalnych,<\/li>\n<li>Umiej\u0119tno\u015bci organizacji pracy w\u0142asnej,<\/li>\n<li>Samodzielno\u015bci,<\/li>\n<li>Mobilno\u015bci (praca w terenie),<\/li>\n<li>Entuzjazmu i inicjatywy w dzia\u0142aniu.<\/li>\n<\/ul>\n<p><strong>OFERUJEMY:<\/strong><\/p>\n<ul>\n<li>Zatrudnienie na podstawie pe\u0142noetatowej umowy o prac\u0119,<\/li>\n<li>Atrakcyjny system wynagrodze\u0144 (podstawa + motywuj\u0105cy system premii),<\/li>\n<li>Prac\u0119 w pr\u0119\u017cnie rozwijaj\u0105cej si\u0119 firmie o rodzinnych tradycjach,<\/li>\n<li>Samodzielno\u015b\u0107 w realizacji wyznaczonych cel\u00f3w,<\/li>\n<li>Samoch\u00f3d s\u0142u\u017cbowy.<\/li>\n<\/ul>\n<p>Osoby zainteresowane prosimy o przes\u0142anie dokument\u00f3w aplikacyjnych wraz z numerem referencyjnym na adres:<\/p>\n<p><a href=\"mailto:praca@kaminski.org.pl\"><strong>praca@kaminski.org.pl<\/strong><\/a><\/p>\n<p>Prosimy o zamieszczenie poni\u017cszej klauzuli:<br \/>\n<em>\u201c Wyra\u017cam zgod\u0119 na przetwarzanie moich danych osobowych dla potrzeb obecnego jak i przysz\u0142ych proces\u00f3w rekrutacji, prowadzonych przez KAMI\u0143SKI Sp. z o.o., Sp. K. zgodnie z postanowieniami ustawy z 29 sierpnia 1997 r. o ochronie danych osobowych (t.j. Dz. U. z 2002 r., nr. 101, poz. 926 ze zm.).\u201d<\/em><\/p>\n<p><em>Podanie danych jest dobrowolne, w ka\u017cdej chwili przys\u0142uguje Ci prawo do wgl\u0105du do danych, ich poprawiania lub usuni\u0119cia. \u017b\u0105danie usuni\u0119cia danych oznacza rezygnacj\u0119 z dalszego udzia\u0142u w procesach rekrutacji i spowoduje niezw\u0142oczne usuni\u0119cie Twoich danych.<\/em><\/p>\n","protected":false},"excerpt":{"rendered":"<p>W zwi\u0105zku z dynamicznym rozwojem sieci sprzeda\u017cy, poszukujemy kandydata na stanowisko: DORADCA TECHNICZNO &#8211; HANDLOWY Osoba zatrudniona na tym stanowisku, b\u0119dzie odpowiedzialna za pozyskiwanie klient\u00f3w [&hellip;]<\/p>\n","protected":false},"author":1,"featured_media":0,"comment_status":"open","ping_status":"open","sticky":false,"template":"","format":"standard","meta":{"footnotes":""},"categories":[26],"tags":[],"yoast_head":"<!-- This site is optimized with the Yoast SEO plugin v22.7 - https:\/\/yoast.com\/wordpress\/plugins\/seo\/ -->\n<title>DORADCA TECHNICZNO - HANDLOWY - Kami\u0144ski - Zaopatrzenie przemys\u0142u<\/title>\n<meta name=\"robots\" content=\"index, follow, max-snippet:-1, max-image-preview:large, max-video-preview:-1\" \/>\n<link rel=\"canonical\" href=\"https:\/\/www.kaminski.org.pl\/przemysl\/doradca-techniczno-handlowy\/\" \/>\n<meta property=\"og:locale\" content=\"pl_PL\" \/>\n<meta property=\"og:type\" content=\"article\" \/>\n<meta property=\"og:title\" content=\"DORADCA TECHNICZNO - HANDLOWY - Kami\u0144ski - Zaopatrzenie przemys\u0142u\" \/>\n<meta property=\"og:description\" content=\"W zwi\u0105zku z dynamicznym rozwojem sieci sprzeda\u017cy, poszukujemy kandydata na stanowisko: DORADCA TECHNICZNO &#8211; HANDLOWY Osoba zatrudniona na tym stanowisku, b\u0119dzie odpowiedzialna za pozyskiwanie klient\u00f3w [&hellip;]\" \/>\n<meta property=\"og:url\" content=\"https:\/\/www.kaminski.org.pl\/przemysl\/doradca-techniczno-handlowy\/\" \/>\n<meta property=\"og:site_name\" content=\"Kami\u0144ski - Zaopatrzenie przemys\u0142u\" \/>\n<meta property=\"article:publisher\" content=\"https:\/\/www.facebook.com\/kaminskispzoosk\/\" \/>\n<meta property=\"article:published_time\" content=\"2017-12-05T15:00:52+00:00\" \/>\n<meta property=\"article:modified_time\" content=\"2018-02-13T13:28:27+00:00\" \/>\n<meta name=\"author\" content=\"admin\" \/>\n<meta name=\"twitter:card\" content=\"summary_large_image\" \/>\n<meta name=\"twitter:label1\" content=\"Napisane przez\" \/>\n\t<meta name=\"twitter:data1\" content=\"admin\" \/>\n\t<meta name=\"twitter:label2\" content=\"Szacowany czas czytania\" \/>\n\t<meta name=\"twitter:data2\" content=\"1 minuta\" \/>\n<script type=\"application\/ld+json\" class=\"yoast-schema-graph\">{\"@context\":\"https:\/\/schema.org\",\"@graph\":[{\"@type\":\"Article\",\"@id\":\"https:\/\/www.kaminski.org.pl\/przemysl\/doradca-techniczno-handlowy\/#article\",\"isPartOf\":{\"@id\":\"https:\/\/www.kaminski.org.pl\/przemysl\/doradca-techniczno-handlowy\/\"},\"author\":{\"name\":\"admin\",\"@id\":\"https:\/\/www.kaminski.org.pl\/przemysl\/#\/schema\/person\/37d21b175f1f1e088f385a44588ba08b\"},\"headline\":\"DORADCA TECHNICZNO &#8211; HANDLOWY\",\"datePublished\":\"2017-12-05T15:00:52+00:00\",\"dateModified\":\"2018-02-13T13:28:27+00:00\",\"mainEntityOfPage\":{\"@id\":\"https:\/\/www.kaminski.org.pl\/przemysl\/doradca-techniczno-handlowy\/\"},\"wordCount\":296,\"commentCount\":0,\"publisher\":{\"@id\":\"https:\/\/www.kaminski.org.pl\/przemysl\/#organization\"},\"articleSection\":[\"Oferty pracy\"],\"inLanguage\":\"pl-PL\",\"potentialAction\":[{\"@type\":\"CommentAction\",\"name\":\"Comment\",\"target\":[\"https:\/\/www.kaminski.org.pl\/przemysl\/doradca-techniczno-handlowy\/#respond\"]}]},{\"@type\":\"WebPage\",\"@id\":\"https:\/\/www.kaminski.org.pl\/przemysl\/doradca-techniczno-handlowy\/\",\"url\":\"https:\/\/www.kaminski.org.pl\/przemysl\/doradca-techniczno-handlowy\/\",\"name\":\"DORADCA TECHNICZNO - HANDLOWY - Kami\u0144ski - Zaopatrzenie przemys\u0142u\",\"isPartOf\":{\"@id\":\"https:\/\/www.kaminski.org.pl\/przemysl\/#website\"},\"datePublished\":\"2017-12-05T15:00:52+00:00\",\"dateModified\":\"2018-02-13T13:28:27+00:00\",\"breadcrumb\":{\"@id\":\"https:\/\/www.kaminski.org.pl\/przemysl\/doradca-techniczno-handlowy\/#breadcrumb\"},\"inLanguage\":\"pl-PL\",\"potentialAction\":[{\"@type\":\"ReadAction\",\"target\":[\"https:\/\/www.kaminski.org.pl\/przemysl\/doradca-techniczno-handlowy\/\"]}]},{\"@type\":\"BreadcrumbList\",\"@id\":\"https:\/\/www.kaminski.org.pl\/przemysl\/doradca-techniczno-handlowy\/#breadcrumb\",\"itemListElement\":[{\"@type\":\"ListItem\",\"position\":1,\"name\":\"Strona g\u0142\u00f3wna\",\"item\":\"https:\/\/www.kaminski.org.pl\/przemysl\/\"},{\"@type\":\"ListItem\",\"position\":2,\"name\":\"DORADCA TECHNICZNO &#8211; HANDLOWY\"}]},{\"@type\":\"WebSite\",\"@id\":\"https:\/\/www.kaminski.org.pl\/przemysl\/#website\",\"url\":\"https:\/\/www.kaminski.org.pl\/przemysl\/\",\"name\":\"Kami\u0144ski - Zaopatrzenie przemys\u0142u\",\"description\":\"Zaopatrzenie przemys\u0142u w profesjonalne narz\u0119dzia oraz chemi\u0119 techniczn\u0105\",\"publisher\":{\"@id\":\"https:\/\/www.kaminski.org.pl\/przemysl\/#organization\"},\"potentialAction\":[{\"@type\":\"SearchAction\",\"target\":{\"@type\":\"EntryPoint\",\"urlTemplate\":\"https:\/\/www.kaminski.org.pl\/przemysl\/?s={search_term_string}\"},\"query-input\":\"required name=search_term_string\"}],\"inLanguage\":\"pl-PL\"},{\"@type\":\"Organization\",\"@id\":\"https:\/\/www.kaminski.org.pl\/przemysl\/#organization\",\"name\":\"Kami\u0144ski Sp\u00f3\u0142ka z ograniczon\u0105 odpowiedzialno\u015bci\u0105 Sp.K.\",\"url\":\"https:\/\/www.kaminski.org.pl\/przemysl\/\",\"logo\":{\"@type\":\"ImageObject\",\"inLanguage\":\"pl-PL\",\"@id\":\"https:\/\/www.kaminski.org.pl\/przemysl\/#\/schema\/logo\/image\/\",\"url\":\"https:\/\/www.kaminski.org.pl\/przemysl\/wp-content\/uploads\/sites\/3\/2017\/12\/logo_kaminski_02.png\",\"contentUrl\":\"https:\/\/www.kaminski.org.pl\/przemysl\/wp-content\/uploads\/sites\/3\/2017\/12\/logo_kaminski_02.png\",\"width\":1600,\"height\":380,\"caption\":\"Kami\u0144ski Sp\u00f3\u0142ka z ograniczon\u0105 odpowiedzialno\u015bci\u0105 Sp.K.\"},\"image\":{\"@id\":\"https:\/\/www.kaminski.org.pl\/przemysl\/#\/schema\/logo\/image\/\"},\"sameAs\":[\"https:\/\/www.facebook.com\/kaminskispzoosk\/\",\"https:\/\/www.youtube.com\/channel\/UCllDIzSGOJLyC4yMOn2WRSg\"]},{\"@type\":\"Person\",\"@id\":\"https:\/\/www.kaminski.org.pl\/przemysl\/#\/schema\/person\/37d21b175f1f1e088f385a44588ba08b\",\"name\":\"admin\",\"image\":{\"@type\":\"ImageObject\",\"inLanguage\":\"pl-PL\",\"@id\":\"https:\/\/www.kaminski.org.pl\/przemysl\/#\/schema\/person\/image\/\",\"url\":\"https:\/\/secure.gravatar.com\/avatar\/6b216a496a624c0cccbfb1c7c7792ddf?s=96&d=mm&r=g\",\"contentUrl\":\"https:\/\/secure.gravatar.com\/avatar\/6b216a496a624c0cccbfb1c7c7792ddf?s=96&d=mm&r=g\",\"caption\":\"admin\"}}]}<\/script>\n<!-- \/ Yoast SEO plugin. -->","yoast_head_json":{"title":"DORADCA TECHNICZNO - HANDLOWY - Kami\u0144ski - Zaopatrzenie przemys\u0142u","robots":{"index":"index","follow":"follow","max-snippet":"max-snippet:-1","max-image-preview":"max-image-preview:large","max-video-preview":"max-video-preview:-1"},"canonical":"https:\/\/www.kaminski.org.pl\/przemysl\/doradca-techniczno-handlowy\/","og_locale":"pl_PL","og_type":"article","og_title":"DORADCA TECHNICZNO - HANDLOWY - Kami\u0144ski - Zaopatrzenie przemys\u0142u","og_description":"W zwi\u0105zku z dynamicznym rozwojem sieci sprzeda\u017cy, poszukujemy kandydata na stanowisko: DORADCA TECHNICZNO &#8211; HANDLOWY Osoba zatrudniona na tym stanowisku, b\u0119dzie odpowiedzialna za pozyskiwanie klient\u00f3w [&hellip;]","og_url":"https:\/\/www.kaminski.org.pl\/przemysl\/doradca-techniczno-handlowy\/","og_site_name":"Kami\u0144ski - Zaopatrzenie przemys\u0142u","article_publisher":"https:\/\/www.facebook.com\/kaminskispzoosk\/","article_published_time":"2017-12-05T15:00:52+00:00","article_modified_time":"2018-02-13T13:28:27+00:00","author":"admin","twitter_card":"summary_large_image","twitter_misc":{"Napisane przez":"admin","Szacowany czas czytania":"1 minuta"},"schema":{"@context":"https:\/\/schema.org","@graph":[{"@type":"Article","@id":"https:\/\/www.kaminski.org.pl\/przemysl\/doradca-techniczno-handlowy\/#article","isPartOf":{"@id":"https:\/\/www.kaminski.org.pl\/przemysl\/doradca-techniczno-handlowy\/"},"author":{"name":"admin","@id":"https:\/\/www.kaminski.org.pl\/przemysl\/#\/schema\/person\/37d21b175f1f1e088f385a44588ba08b"},"headline":"DORADCA TECHNICZNO &#8211; HANDLOWY","datePublished":"2017-12-05T15:00:52+00:00","dateModified":"2018-02-13T13:28:27+00:00","mainEntityOfPage":{"@id":"https:\/\/www.kaminski.org.pl\/przemysl\/doradca-techniczno-handlowy\/"},"wordCount":296,"commentCount":0,"publisher":{"@id":"https:\/\/www.kaminski.org.pl\/przemysl\/#organization"},"articleSection":["Oferty pracy"],"inLanguage":"pl-PL","potentialAction":[{"@type":"CommentAction","name":"Comment","target":["https:\/\/www.kaminski.org.pl\/przemysl\/doradca-techniczno-handlowy\/#respond"]}]},{"@type":"WebPage","@id":"https:\/\/www.kaminski.org.pl\/przemysl\/doradca-techniczno-handlowy\/","url":"https:\/\/www.kaminski.org.pl\/przemysl\/doradca-techniczno-handlowy\/","name":"DORADCA TECHNICZNO - HANDLOWY - Kami\u0144ski - Zaopatrzenie przemys\u0142u","isPartOf":{"@id":"https:\/\/www.kaminski.org.pl\/przemysl\/#website"},"datePublished":"2017-12-05T15:00:52+00:00","dateModified":"2018-02-13T13:28:27+00:00","breadcrumb":{"@id":"https:\/\/www.kaminski.org.pl\/przemysl\/doradca-techniczno-handlowy\/#breadcrumb"},"inLanguage":"pl-PL","potentialAction":[{"@type":"ReadAction","target":["https:\/\/www.kaminski.org.pl\/przemysl\/doradca-techniczno-handlowy\/"]}]},{"@type":"BreadcrumbList","@id":"https:\/\/www.kaminski.org.pl\/przemysl\/doradca-techniczno-handlowy\/#breadcrumb","itemListElement":[{"@type":"ListItem","position":1,"name":"Strona g\u0142\u00f3wna","item":"https:\/\/www.kaminski.org.pl\/przemysl\/"},{"@type":"ListItem","position":2,"name":"DORADCA TECHNICZNO &#8211; HANDLOWY"}]},{"@type":"WebSite","@id":"https:\/\/www.kaminski.org.pl\/przemysl\/#website","url":"https:\/\/www.kaminski.org.pl\/przemysl\/","name":"Kami\u0144ski - Zaopatrzenie przemys\u0142u","description":"Zaopatrzenie przemys\u0142u w profesjonalne narz\u0119dzia oraz chemi\u0119 techniczn\u0105","publisher":{"@id":"https:\/\/www.kaminski.org.pl\/przemysl\/#organization"},"potentialAction":[{"@type":"SearchAction","target":{"@type":"EntryPoint","urlTemplate":"https:\/\/www.kaminski.org.pl\/przemysl\/?s={search_term_string}"},"query-input":"required name=search_term_string"}],"inLanguage":"pl-PL"},{"@type":"Organization","@id":"https:\/\/www.kaminski.org.pl\/przemysl\/#organization","name":"Kami\u0144ski Sp\u00f3\u0142ka z ograniczon\u0105 odpowiedzialno\u015bci\u0105 Sp.K.","url":"https:\/\/www.kaminski.org.pl\/przemysl\/","logo":{"@type":"ImageObject","inLanguage":"pl-PL","@id":"https:\/\/www.kaminski.org.pl\/przemysl\/#\/schema\/logo\/image\/","url":"https:\/\/www.kaminski.org.pl\/przemysl\/wp-content\/uploads\/sites\/3\/2017\/12\/logo_kaminski_02.png","contentUrl":"https:\/\/www.kaminski.org.pl\/przemysl\/wp-content\/uploads\/sites\/3\/2017\/12\/logo_kaminski_02.png","width":1600,"height":380,"caption":"Kami\u0144ski Sp\u00f3\u0142ka z ograniczon\u0105 odpowiedzialno\u015bci\u0105 Sp.K."},"image":{"@id":"https:\/\/www.kaminski.org.pl\/przemysl\/#\/schema\/logo\/image\/"},"sameAs":["https:\/\/www.facebook.com\/kaminskispzoosk\/","https:\/\/www.youtube.com\/channel\/UCllDIzSGOJLyC4yMOn2WRSg"]},{"@type":"Person","@id":"https:\/\/www.kaminski.org.pl\/przemysl\/#\/schema\/person\/37d21b175f1f1e088f385a44588ba08b","name":"admin","image":{"@type":"ImageObject","inLanguage":"pl-PL","@id":"https:\/\/www.kaminski.org.pl\/przemysl\/#\/schema\/person\/image\/","url":"https:\/\/secure.gravatar.com\/avatar\/6b216a496a624c0cccbfb1c7c7792ddf?s=96&d=mm&r=g","contentUrl":"https:\/\/secure.gravatar.com\/avatar\/6b216a496a624c0cccbfb1c7c7792ddf?s=96&d=mm&r=g","caption":"admin"}}]}},"_links":{"self":[{"href":"https:\/\/www.kaminski.org.pl\/przemysl\/wp-json\/wp\/v2\/posts\/238"}],"collection":[{"href":"https:\/\/www.kaminski.org.pl\/przemysl\/wp-json\/wp\/v2\/posts"}],"about":[{"href":"https:\/\/www.kaminski.org.pl\/przemysl\/wp-json\/wp\/v2\/types\/post"}],"author":[{"embeddable":true,"href":"https:\/\/www.kaminski.org.pl\/przemysl\/wp-json\/wp\/v2\/users\/1"}],"replies":[{"embeddable":true,"href":"https:\/\/www.kaminski.org.pl\/przemysl\/wp-json\/wp\/v2\/comments?post=238"}],"version-history":[{"count":4,"href":"https:\/\/www.kaminski.org.pl\/przemysl\/wp-json\/wp\/v2\/posts\/238\/revisions"}],"predecessor-version":[{"id":242,"href":"https:\/\/www.kaminski.org.pl\/przemysl\/wp-json\/wp\/v2\/posts\/238\/revisions\/242"}],"wp:attachment":[{"href":"https:\/\/www.kaminski.org.pl\/przemysl\/wp-json\/wp\/v2\/media?parent=238"}],"wp:term":[{"taxonomy":"category","embeddable":true,"href":"https:\/\/www.kaminski.org.pl\/przemysl\/wp-json\/wp\/v2\/categories?post=238"},{"taxonomy":"post_tag","embeddable":true,"href":"https:\/\/www.kaminski.org.pl\/przemysl\/wp-json\/wp\/v2\/tags?post=238"}],"curies":[{"name":"wp","href":"https:\/\/api.w.org\/{rel}","templated":true}]}}